{"id":742,"date":"2016-04-21T13:36:45","date_gmt":"2016-04-21T12:36:45","guid":{"rendered":"http:\/\/francoiscorbier.com\/corbier\/?p=742"},"modified":"2016-08-16T13:38:31","modified_gmt":"2016-08-16T12:38:31","slug":"jean-jean","status":"publish","type":"post","link":"http:\/\/francoiscorbier.com\/corbier\/2016\/04\/21\/jean-jean\/","title":{"rendered":"Jean-Jean"},"content":{"rendered":"<p class=\"spip\">Sur le frigo, elle a pos\u00e9<br \/>\nUne photo d\u2019Jean-Jean b\u00e9b\u00e9.<br \/>\nUne photo d\u2019elle en sari<br \/>\nQuand elle avait l\u2019m\u00eame \u00e2ge que lui<\/p>\n<p class=\"spip\">Sous la lampe qui tremble au plafond<br \/>\nY a deux chaises une table un napp\u2019ron<br \/>\nC\u00f4t\u00e9 d\u00e9co, c\u2019est pas gagn\u00e9\u00a0!<br \/>\nLe p\u2019tit Jean-Jean dort \u00e0 c\u00f4t\u00e9.<\/p>\n<p class=\"spip\">Le p\u2019tit Jean-Jean, \u00e7a fait 15 ans<br \/>\nQu\u2019y fait l\u00e9gume chez sa maman<br \/>\nQuinze ans qu\u2019y bave qu\u2019y geint qu\u2019y crie<br \/>\nDouze heures par jour, quinze heures par nuit.<\/p>\n<p class=\"spip\">Quinze ans qu\u2019y pleure, qu\u2019y faut l\u2019bercer<br \/>\nToutes les deux heures y faut l\u2019changer<br \/>\nHier pour son anniversaire<br \/>\nIl a vomi sur son dessert<\/p>\n<p class=\"spip\">Le p\u2019tit Jean-Jean c\u2019est quand y dort<br \/>\nQue sa maman peut vivre encore<br \/>\nC\u2019est quand y dort qu\u2019elle peut souffler<br \/>\nQu\u2019elle peut s\u2019asseoir, qu\u2019elle peut r\u00eaver<\/p>\n<p class=\"spip\">C\u2019est quand y dort comme un ang\u2019lot<br \/>\nQu\u2019on dirait presque un vrai marmot<br \/>\nQu\u2019elle pense au J\u00e9sus de son cur\u00e9<br \/>\nLe J\u00e9sus qu\u2019elle veut plus saluer<\/p>\n<p class=\"spip\">Elle n\u2019en peut plus, elle ferme les yeux<br \/>\nElle aim\u2019rait bien dormir un peu<br \/>\nDormir, dormir et tout un jour<br \/>\nQu\u2019un beau gars vienne lui faire l\u2019amour<\/p>\n<p class=\"spip\">Un gars gentil et plein d\u2019\u00e9paule<br \/>\nQui saurait quand y faut \u00eatre dr\u00f4le<br \/>\nMais y a Jean-Jean qu\u2019est \u00e0 c\u00f4t\u00e9<br \/>\nLes mecs \u00e7a les fait pas bander.<\/p>\n<p class=\"spip\">Demain comme hier, comme aujourd\u2019hui<br \/>\nElle s\u2019ra toute seule \u00e0 c\u00f4t\u00e9 d\u2019lui<br \/>\nTout\u2019 seule pour lui dire des histoires<br \/>\nL\u2019aider \u00e0 manger, \u00e0 s\u2019asseoir<\/p>\n<p class=\"spip\">Elle dit j\u2019vais mettre du papier peint<br \/>\nUn coup d\u2019peinture \u00e7a f\u2019ra du bien<br \/>\nDe la d\u00e9co pour tout changer<br \/>\nLe p\u2019tit Jean-Jean dort \u00e0 c\u00f4t\u00e9.<\/p>\n","protected":false},"excerpt":{"rendered":"<p>Sur le frigo, elle a pos\u00e9 Une photo d\u2019Jean-Jean b\u00e9b\u00e9. Une photo d\u2019elle en sari Quand elle avait l\u2019m\u00eame \u00e2ge que lui Sous la lampe qui tremble au plafond Y a deux chaises une table un napp\u2019ron C\u00f4t\u00e9 d\u00e9co, c\u2019est pas gagn\u00e9\u00a0! Le p\u2019tit Jean-Jean dort \u00e0 c\u00f4t\u00e9. Le p\u2019tit Jean-Jean, \u00e7a fait 15 ans [&hellip;]<\/p>\n","protected":false},"author":1,"featured_media":0,"comment_status":"closed","ping_status":"closed","sticky":false,"template":"","format":"standard","meta":{"jetpack_post_was_ever_published":false,"_jetpack_newsletter_access":"","_jetpack_dont_email_post_to_subs":false,"_jetpack_newsletter_tier_id":0,"footnotes":"","jetpack_publicize_message":"","jetpack_publicize_feature_enabled":true,"jetpack_social_post_already_shared":false,"jetpack_social_options":{"image_generator_settings":{"template":"highway","enabled":false}}},"categories":[56,55],"tags":[],"jetpack_publicize_connections":[],"jetpack_featured_media_url":"","jetpack_sharing_enabled":true,"jetpack_shortlink":"https:\/\/wp.me\/p7OdVV-bY","_links":{"self":[{"href":"http:\/\/francoiscorbier.com\/corbier\/wp-json\/wp\/v2\/posts\/742"}],"collection":[{"href":"http:\/\/francoiscorbier.com\/corbier\/wp-json\/wp\/v2\/posts"}],"about":[{"href":"http:\/\/francoiscorbier.com\/corbier\/wp-json\/wp\/v2\/types\/post"}],"author":[{"embeddable":true,"href":"http:\/\/francoiscorbier.com\/corbier\/wp-json\/wp\/v2\/users\/1"}],"replies":[{"embeddable":true,"href":"http:\/\/francoiscorbier.com\/corbier\/wp-json\/wp\/v2\/comments?post=742"}],"version-history":[{"count":1,"href":"http:\/\/francoiscorbier.com\/corbier\/wp-json\/wp\/v2\/posts\/742\/revisions"}],"predecessor-version":[{"id":743,"href":"http:\/\/francoiscorbier.com\/corbier\/wp-json\/wp\/v2\/posts\/742\/revisions\/743"}],"wp:attachment":[{"href":"http:\/\/francoiscorbier.com\/corbier\/wp-json\/wp\/v2\/media?parent=742"}],"wp:term":[{"taxonomy":"category","embeddable":true,"href":"http:\/\/francoiscorbier.com\/corbier\/wp-json\/wp\/v2\/categories?post=742"},{"taxonomy":"post_tag","embeddable":true,"href":"http:\/\/francoiscorbier.com\/corbier\/wp-json\/wp\/v2\/tags?post=742"}],"curies":[{"name":"wp","href":"https:\/\/api.w.org\/{rel}","templated":true}]}}