{"id":746,"date":"2016-04-21T13:38:42","date_gmt":"2016-04-21T12:38:42","guid":{"rendered":"http:\/\/francoiscorbier.com\/corbier\/?p=746"},"modified":"2022-03-30T18:56:39","modified_gmt":"2022-03-30T17:56:39","slug":"la-louve","status":"publish","type":"post","link":"http:\/\/francoiscorbier.com\/corbier\/2016\/04\/21\/la-louve\/","title":{"rendered":"La Louve"},"content":{"rendered":"<p class=\"spip\">Toute la journ\u00e9e j\u2019avais roul\u00e9<br \/>\nDe brouillard en brouillard<br \/>\nEt quand la lune a d\u00e9boul\u00e9<br \/>\nAu milieu de nulle part<br \/>\nLes arbres nus tendaient immenses<br \/>\nLeurs ombres harass\u00e9es<br \/>\nC\u2019est alors comme une insolence<br \/>\nQue la louve est pass\u00e9e<\/p>\n<p class=\"spip\">Elle avait l\u2019allure d\u2019une femme<br \/>\nLe visage et le corps<br \/>\nEt sous la robe de gitane<br \/>\nLe sein menu encore<br \/>\nUne perle en m\u00e9tal coupait<br \/>\nSa l\u00e8vre en son milieu<br \/>\nEt des reflets roux allumaient<br \/>\nLe jais de ses cheveux<\/p>\n<p class=\"spip\">Chante pour moi, dit-elle, et moi<br \/>\nJ\u2019ai sorti ma guitare<br \/>\nJ\u2019ai donn\u00e9 du c\u0153ur, de la voix,<br \/>\nJ\u2019ai fait le r\u00e9pertoire.<br \/>\nQuand faute de note j\u2019ai d\u00fb<br \/>\nMettre fin au concert<br \/>\nJ\u2019\u00e9tais seul et j\u2019avais perdu<br \/>\nMon \u00e2me dans ce d\u00e9sert<\/p>\n<p class=\"spip\">La louve avait rejoint son loup<br \/>\nSur d\u2019autres territoires<br \/>\nMoi j\u2019ai repris \u00e0 demi fou<br \/>\nMa route dans le noir<br \/>\nEt quand le soleil a perc\u00e9<br \/>\nLa nappe de brouillard<br \/>\nPar la vitre j\u2019ai balanc\u00e9<br \/>\nMa plus belle guitare.<br \/>\nQuand je traverse le pays<br \/>\nEn passant par le Nord<br \/>\nL\u00e0 o\u00f9 le brouillard s\u2019\u00e9paissit<br \/>\nEt change le d\u00e9cor<br \/>\nQuand les arbres griffent le ciel<br \/>\nQuand la lumi\u00e8re s\u2019endort<br \/>\nJe ne dis rien, je pense \u00e0 elle<br \/>\nBon sang j\u2019y pense encore.<\/p>\n","protected":false},"excerpt":{"rendered":"<p>Toute la journ\u00e9e j\u2019avais roul\u00e9 De brouillard en brouillard Et quand la lune a d\u00e9boul\u00e9 Au milieu de nulle part Les arbres nus tendaient immenses Leurs ombres harass\u00e9es C\u2019est alors comme une insolence Que la louve est pass\u00e9e Elle avait l\u2019allure d\u2019une femme Le visage et le corps Et sous la robe de gitane Le [&hellip;]<\/p>\n","protected":false},"author":1,"featured_media":0,"comment_status":"closed","ping_status":"closed","sticky":false,"template":"","format":"standard","meta":{"jetpack_post_was_ever_published":false,"_jetpack_newsletter_access":"","_jetpack_dont_email_post_to_subs":false,"_jetpack_newsletter_tier_id":0,"footnotes":"","jetpack_publicize_message":"","jetpack_publicize_feature_enabled":true,"jetpack_social_post_already_shared":false,"jetpack_social_options":{"image_generator_settings":{"template":"highway","enabled":false}}},"categories":[56,55],"tags":[],"jetpack_publicize_connections":[],"jetpack_featured_media_url":"","jetpack_sharing_enabled":true,"jetpack_shortlink":"https:\/\/wp.me\/p7OdVV-c2","_links":{"self":[{"href":"http:\/\/francoiscorbier.com\/corbier\/wp-json\/wp\/v2\/posts\/746"}],"collection":[{"href":"http:\/\/francoiscorbier.com\/corbier\/wp-json\/wp\/v2\/posts"}],"about":[{"href":"http:\/\/francoiscorbier.com\/corbier\/wp-json\/wp\/v2\/types\/post"}],"author":[{"embeddable":true,"href":"http:\/\/francoiscorbier.com\/corbier\/wp-json\/wp\/v2\/users\/1"}],"replies":[{"embeddable":true,"href":"http:\/\/francoiscorbier.com\/corbier\/wp-json\/wp\/v2\/comments?post=746"}],"version-history":[{"count":1,"href":"http:\/\/francoiscorbier.com\/corbier\/wp-json\/wp\/v2\/posts\/746\/revisions"}],"predecessor-version":[{"id":747,"href":"http:\/\/francoiscorbier.com\/corbier\/wp-json\/wp\/v2\/posts\/746\/revisions\/747"}],"wp:attachment":[{"href":"http:\/\/francoiscorbier.com\/corbier\/wp-json\/wp\/v2\/media?parent=746"}],"wp:term":[{"taxonomy":"category","embeddable":true,"href":"http:\/\/francoiscorbier.com\/corbier\/wp-json\/wp\/v2\/categories?post=746"},{"taxonomy":"post_tag","embeddable":true,"href":"http:\/\/francoiscorbier.com\/corbier\/wp-json\/wp\/v2\/tags?post=746"}],"curies":[{"name":"wp","href":"https:\/\/api.w.org\/{rel}","templated":true}]}}