{"id":797,"date":"2016-04-21T14:03:41","date_gmt":"2016-04-21T13:03:41","guid":{"rendered":"http:\/\/francoiscorbier.com\/corbier\/?p=797"},"modified":"2016-04-21T14:03:41","modified_gmt":"2016-04-21T13:03:41","slug":"la-fee","status":"publish","type":"post","link":"http:\/\/francoiscorbier.com\/corbier\/2016\/04\/21\/la-fee\/","title":{"rendered":"La F\u00e9e"},"content":{"rendered":"<p class=\"spip\">\u00c0 la maternit\u00e9<br \/>\nLa f\u00e9e de service avait bu<br \/>\nEt elle avait jet\u00e9<br \/>\nSon chapeau d\u2019\u00e9toiles<br \/>\nAu rebut<br \/>\nBip-bip doo woua y\u00e9 y\u00e9<br \/>\nQu\u2019elle chantait en tapant du pied<br \/>\nEn r\u00e9primant un rot<br \/>\nElle s\u2019est pench\u00e9e sur trois berceaux<\/p>\n<p class=\"spip\">Au premier elle a dit<br \/>\nTu n\u2019aimeras pas les chansons<br \/>\nLes vers la com\u00e9die<br \/>\nNi les guitares ni les violons<br \/>\nBien s\u00fbr tu n\u2019aimeras<br \/>\nNi la danse ni l\u2019op\u00e9ra<br \/>\nNi la litt\u00e9rature<br \/>\nTu s\u2019ras ministre de la culture<\/p>\n<p class=\"spip\">Au-dessus du berceau<br \/>\nDu second elle a d\u00e9clar\u00e9<br \/>\nTu seras fat et faux<br \/>\nEt de l\u2019\u00e9pargnant redout\u00e9<br \/>\nOn te reconna\u00eetra<br \/>\nChez les voleurs et les malfrats<br \/>\nEt tu seras parfait<br \/>\nEn patron du Cr\u00e9dit Lyonnais<\/p>\n<p class=\"spip\">Secouant sa baguette<br \/>\nAu troisi\u00e8me elle a dit\u00a0: p\u2019tit gars<br \/>\nTelle une girouette<br \/>\nTu trahiras, tu trahiras\u00a0!<br \/>\nPr\u00eat \u00e0 tout pour gagner<br \/>\nTes dents rabot\u2019ront le plancher<br \/>\nChien mais t\u00e9l\u00e9g\u00e9nique<br \/>\nTu pr\u00e9sid\u2019ras la R\u00e9publique<\/p>\n<p class=\"spip\">Et la f\u00e9e est partie<br \/>\nEn faisant un pas de c\u00f4t\u00e9<br \/>\nLe nez dans son whisky<br \/>\nChantant be-bop doo woua y\u00e9 y\u00e9<br \/>\nL\u2019oeil mauvais sous les draps<br \/>\nLes trois marmots claquaient des doigts<br \/>\nPar bonheur ce n\u2019est pas<br \/>\nChez nous qu\u2019on voit des choses comme \u00e7a<\/p>\n","protected":false},"excerpt":{"rendered":"<p>\u00c0 la maternit\u00e9 La f\u00e9e de service avait bu Et elle avait jet\u00e9 Son chapeau d\u2019\u00e9toiles Au rebut Bip-bip doo woua y\u00e9 y\u00e9 Qu\u2019elle chantait en tapant du pied En r\u00e9primant un rot Elle s\u2019est pench\u00e9e sur trois berceaux Au premier elle a dit Tu n\u2019aimeras pas les chansons Les vers la com\u00e9die Ni les [&hellip;]<\/p>\n","protected":false},"author":1,"featured_media":0,"comment_status":"closed","ping_status":"closed","sticky":false,"template":"","format":"standard","meta":{"jetpack_post_was_ever_published":false,"_jetpack_newsletter_access":"","_jetpack_dont_email_post_to_subs":false,"_jetpack_newsletter_tier_id":0,"footnotes":"","jetpack_publicize_message":"","jetpack_publicize_feature_enabled":true,"jetpack_social_post_already_shared":false,"jetpack_social_options":{"image_generator_settings":{"template":"highway","enabled":false}}},"categories":[55,61],"tags":[],"jetpack_publicize_connections":[],"jetpack_featured_media_url":"","jetpack_sharing_enabled":true,"jetpack_shortlink":"https:\/\/wp.me\/p7OdVV-cR","_links":{"self":[{"href":"http:\/\/francoiscorbier.com\/corbier\/wp-json\/wp\/v2\/posts\/797"}],"collection":[{"href":"http:\/\/francoiscorbier.com\/corbier\/wp-json\/wp\/v2\/posts"}],"about":[{"href":"http:\/\/francoiscorbier.com\/corbier\/wp-json\/wp\/v2\/types\/post"}],"author":[{"embeddable":true,"href":"http:\/\/francoiscorbier.com\/corbier\/wp-json\/wp\/v2\/users\/1"}],"replies":[{"embeddable":true,"href":"http:\/\/francoiscorbier.com\/corbier\/wp-json\/wp\/v2\/comments?post=797"}],"version-history":[{"count":1,"href":"http:\/\/francoiscorbier.com\/corbier\/wp-json\/wp\/v2\/posts\/797\/revisions"}],"predecessor-version":[{"id":798,"href":"http:\/\/francoiscorbier.com\/corbier\/wp-json\/wp\/v2\/posts\/797\/revisions\/798"}],"wp:attachment":[{"href":"http:\/\/francoiscorbier.com\/corbier\/wp-json\/wp\/v2\/media?parent=797"}],"wp:term":[{"taxonomy":"category","embeddable":true,"href":"http:\/\/francoiscorbier.com\/corbier\/wp-json\/wp\/v2\/categories?post=797"},{"taxonomy":"post_tag","embeddable":true,"href":"http:\/\/francoiscorbier.com\/corbier\/wp-json\/wp\/v2\/tags?post=797"}],"curies":[{"name":"wp","href":"https:\/\/api.w.org\/{rel}","templated":true}]}}