{"id":819,"date":"2016-04-21T14:09:03","date_gmt":"2016-04-21T13:09:03","guid":{"rendered":"http:\/\/francoiscorbier.com\/corbier\/?p=819"},"modified":"2016-04-21T14:09:03","modified_gmt":"2016-04-21T13:09:03","slug":"15-ans","status":"publish","type":"post","link":"http:\/\/francoiscorbier.com\/corbier\/2016\/04\/21\/15-ans\/","title":{"rendered":"15 Ans"},"content":{"rendered":"<p class=\"spip\">Enfant je tra\u00eenais dans la gare<br \/>\nDerri\u00e8re le temple et les boxons,<br \/>\nJ\u2019y croisais des peuples barbares<br \/>\nSans amour et sans horizon,<br \/>\nDes amateurs de priap\u00e9es<br \/>\nDes p\u00e9ronnelles, des rastaquou\u00e8res,<br \/>\nDes fesse-mathieux, des abb\u00e9s,<br \/>\nDes vieilles val\u00e9tudinaires.<\/p>\n<p class=\"spip\">Et je dormais sous le hangar<br \/>\nO\u00f9 deux mafflues peccamineuses<br \/>\nServaient de cibles aux brocards<br \/>\nQue lui d\u00e9cochait, venimeuse,<br \/>\nLa foule bancroche des valets<br \/>\nAgglutin\u00e9s \u00e0 la patache<br \/>\nQui depuis l\u2019aube conduisait<br \/>\nTout ces jean-foutre \u00e0 la t\u00e2che.<\/p>\n<p class=\"spip\">Et quand en couinant s\u2019\u00e9brouait<br \/>\nLourde et fumante la navette,<br \/>\nLes deux radasses balan\u00e7aient<br \/>\nD\u2019un geste par-dessus la t\u00eate,<br \/>\nLeurs jupes aux dentelles crasses.<br \/>\n\u00c0 ce signal les purotins<br \/>\nQui d\u00e9couvraient leurs fesses grasses,<br \/>\nRiaient, criaient, tapaient des mains.<\/p>\n<p class=\"spip\">Et je profitais du brouillard<br \/>\nDe la fum\u00e9e du bruit du quai<br \/>\nPour entrer dans le lupanar<br \/>\nDu pas tra\u00eenant des foutriquets.<br \/>\nJ\u2019\u00e9tais d\u00e9j\u00e0 tranche-montagne,<br \/>\nUn menteur, un vide-gousset,<br \/>\nUn gamin destin\u00e9 au bagne,<br \/>\nTrousseur de filles et de couplets.<\/p>\n<p class=\"spip\">J\u2019avais quinze ans j\u2019\u00e9tais parfait<\/p>\n","protected":false},"excerpt":{"rendered":"<p>Enfant je tra\u00eenais dans la gare Derri\u00e8re le temple et les boxons, J\u2019y croisais des peuples barbares Sans amour et sans horizon, Des amateurs de priap\u00e9es Des p\u00e9ronnelles, des rastaquou\u00e8res, Des fesse-mathieux, des abb\u00e9s, Des vieilles val\u00e9tudinaires. Et je dormais sous le hangar O\u00f9 deux mafflues peccamineuses Servaient de cibles aux brocards Que lui d\u00e9cochait, [&hellip;]<\/p>\n","protected":false},"author":1,"featured_media":0,"comment_status":"closed","ping_status":"closed","sticky":false,"template":"","format":"standard","meta":{"jetpack_post_was_ever_published":false,"_jetpack_newsletter_access":"","_jetpack_dont_email_post_to_subs":false,"_jetpack_newsletter_tier_id":0,"footnotes":"","jetpack_publicize_message":"","jetpack_publicize_feature_enabled":true,"jetpack_social_post_already_shared":false,"jetpack_social_options":{"image_generator_settings":{"template":"highway","enabled":false}}},"categories":[55,60],"tags":[],"jetpack_publicize_connections":[],"jetpack_featured_media_url":"","jetpack_sharing_enabled":true,"jetpack_shortlink":"https:\/\/wp.me\/p7OdVV-dd","_links":{"self":[{"href":"http:\/\/francoiscorbier.com\/corbier\/wp-json\/wp\/v2\/posts\/819"}],"collection":[{"href":"http:\/\/francoiscorbier.com\/corbier\/wp-json\/wp\/v2\/posts"}],"about":[{"href":"http:\/\/francoiscorbier.com\/corbier\/wp-json\/wp\/v2\/types\/post"}],"author":[{"embeddable":true,"href":"http:\/\/francoiscorbier.com\/corbier\/wp-json\/wp\/v2\/users\/1"}],"replies":[{"embeddable":true,"href":"http:\/\/francoiscorbier.com\/corbier\/wp-json\/wp\/v2\/comments?post=819"}],"version-history":[{"count":1,"href":"http:\/\/francoiscorbier.com\/corbier\/wp-json\/wp\/v2\/posts\/819\/revisions"}],"predecessor-version":[{"id":820,"href":"http:\/\/francoiscorbier.com\/corbier\/wp-json\/wp\/v2\/posts\/819\/revisions\/820"}],"wp:attachment":[{"href":"http:\/\/francoiscorbier.com\/corbier\/wp-json\/wp\/v2\/media?parent=819"}],"wp:term":[{"taxonomy":"category","embeddable":true,"href":"http:\/\/francoiscorbier.com\/corbier\/wp-json\/wp\/v2\/categories?post=819"},{"taxonomy":"post_tag","embeddable":true,"href":"http:\/\/francoiscorbier.com\/corbier\/wp-json\/wp\/v2\/tags?post=819"}],"curies":[{"name":"wp","href":"https:\/\/api.w.org\/{rel}","templated":true}]}}